{"id":3476,"date":"2026-02-13T02:58:29","date_gmt":"2026-02-13T01:58:29","guid":{"rendered":"https:\/\/pom.pt\/2026\/?p=3476"},"modified":"2026-02-13T02:59:15","modified_gmt":"2026-02-13T01:59:15","slug":"previsao-do-tempo-para-a-praia-de-mira","status":"publish","type":"post","link":"https:\/\/pom.pt\/2026\/2026\/02\/13\/previsao-do-tempo-para-a-praia-de-mira\/","title":{"rendered":"Previs\u00e3o do Tempo para a Praia de Mira"},"content":{"rendered":"<div id=\"pl-gb3476-69f4d1dd10eac\"  class=\"panel-layout\" ><div id=\"pg-gb3476-69f4d1dd10eac-0\"  class=\"panel-grid panel-no-style\" ><div id=\"pgc-gb3476-69f4d1dd10eac-0-0\"  class=\"panel-grid-cell\" ><div id=\"panel-gb3476-69f4d1dd10eac-0-0-0\" class=\"so-panel widget widget_sow-image panel-first-child panel-last-child\" data-index=\"0\" ><div\n\t\t\t\n\t\t\tclass=\"so-widget-sow-image so-widget-sow-image-default-8b5b6f678277-3476\"\n\t\t\t\n\t\t>\n<div class=\"sow-image-container\">\n\t\t\t<a href=\"https:\/\/pom.pt\/2026\/wp-content\/uploads\/sites\/17\/2026\/02\/windguruPMira.jpg\"\n\t\t\tdata-lightbox=\"172220436698e855a19b20051222872\" data-lightbox-options=\"{&quot;overlayColor&quot;:&quot;#000&quot;,&quot;overlayOpacity&quot;:0.8,&quot;fadeDuration&quot;:600,&quot;fitImagesInViewport&quot;:true,&quot;imageFadeDuration&quot;:600,&quot;maxHeight&quot;:&quot;&quot;,&quot;maxWidth&quot;:&quot;&quot;,&quot;positionFromTop&quot;:50,&quot;resizeDuration&quot;:700,&quot;showImageNumberLabel&quot;:true,&quot;wrapAround&quot;:true,&quot;alwaysShowNavOnTouchDevices&quot;:&quot;&quot;,&quot;disabledOnTablet&quot;:&quot;&quot;,&quot;disabledOnMobile&quot;:&quot;&quot;,&quot;disableScrolling&quot;:&quot;&quot;,&quot;disableCaption&quot;:&quot;&quot;,&quot;albumLabel&quot;:&quot; %1 of %2&quot;}\" data-title=\"windguruPMira\" \t\t>\n\t\t\t<img \n\tsrc=\"https:\/\/pom.pt\/2026\/wp-content\/uploads\/sites\/17\/2026\/02\/windguruPMira.jpg\" width=\"1700\" height=\"356\" srcset=\"https:\/\/pom.pt\/2026\/wp-content\/uploads\/sites\/17\/2026\/02\/windguruPMira.jpg 1700w, https:\/\/pom.pt\/2026\/wp-content\/uploads\/sites\/17\/2026\/02\/windguruPMira-300x63.jpg 300w, https:\/\/pom.pt\/2026\/wp-content\/uploads\/sites\/17\/2026\/02\/windguruPMira-1024x214.jpg 1024w, https:\/\/pom.pt\/2026\/wp-content\/uploads\/sites\/17\/2026\/02\/windguruPMira-768x161.jpg 768w, https:\/\/pom.pt\/2026\/wp-content\/uploads\/sites\/17\/2026\/02\/windguruPMira-1536x322.jpg 1536w\" sizes=\"(max-width: 1700px) 100vw, 1700px\" alt=\"\" \t\tclass=\"so-widget-image\"\/>\n\t\t\t<\/a><\/div>\n\n<\/div><\/div><\/div><\/div><\/div>\n\n\n<p>A previs\u00e3o meteorol\u00f3gica para o POM 2026 \u00e9 agora bastante animadora, e as nossas melhores expectativas poder\u00e3o mesmo concretizar-se.<\/p>\n\n\n\n<p>Na sexta-feira, espera-se chuva muito fraca ao longo de todo o dia, acompanhada por algum vento. No s\u00e1bado, a chuva dever\u00e1 desaparecer durante toda a dura\u00e7\u00e3o do POM, e o vento dever\u00e1 diminuir gradualmente ao longo da tarde.<\/p>\n\n\n\n<p>A Arena Mira Norte est\u00e1 bem protegida dos ventos vindos do mar, pelo que as condi\u00e7\u00f5es a\u00ed s\u00e3o normalmente mais calmas do que junto \u00e0 praia.<\/p>\n\n\n\n<p>No domingo, prev\u00eaem-se condi\u00e7\u00f5es praticamente sem vento e sem chuva, embora possa haver alguma nebulosidade baixa sobre a Arena. A segunda-feira dever\u00e1 seguir um padr\u00e3o semelhante ao de domingo.<\/p>\n\n\n\n<p>Na ter\u00e7a-feira, poderemos at\u00e9 contar com algum sol, uma vez que a nebulosidade alta dever\u00e1 dissipar-se.<\/p>\n\n\n\n<p>As temperaturas dever\u00e3o subir gradualmente de dia para dia.<\/p>\n\n\n\n<p>Para previs\u00f5es meteorol\u00f3gicas actualizadas para a Praia de Mira, consulte o <a href=\"https:\/\/www.windguru.cz\/485656\" target=\"_blank\" rel=\"noreferrer noopener\">Windguru para a Praia de Mira<\/a>.<\/p>\n","protected":false},"excerpt":{"rendered":"<p>A previs\u00e3o meteorol\u00f3gica para o POM 2026 \u00e9 agora bastante animadora, e as nossas melhores expectativas poder\u00e3o mesmo concretizar-se. Na sexta-feira, espera-se chuva muito fraca ao longo de todo o dia, acompanhada por algum vento. No s\u00e1bado, a chuva dever\u00e1 desaparecer durante toda a dura\u00e7\u00e3o do POM, e o vento dever\u00e1 diminuir gradualmente ao longo da tarde. A Arena Mira Norte est\u00e1 bem protegida dos ventos vindos do mar, pelo que as condi\u00e7\u00f5es a\u00ed s\u00e3o normalmente mais calmas do que junto \u00e0 praia. No domingo, prev\u00eaem-se condi\u00e7\u00f5es praticamente sem vento e sem chuva, embora possa haver alguma nebulosidade baixa sobre a Arena. A segunda-feira dever\u00e1 seguir um padr\u00e3o semelhante ao [&hellip;]<\/p>\n","protected":false},"author":17,"featured_media":0,"comment_status":"closed","ping_status":"closed","sticky":false,"template":"","format":"standard","meta":{"_monsterinsights_skip_tracking":false,"_monsterinsights_sitenote_active":false,"_monsterinsights_sitenote_note":"","_monsterinsights_sitenote_category":0,"footnotes":""},"categories":[26],"tags":[],"class_list":["post-3476","post","type-post","status-publish","format-standard","hentry","category-noticias"],"_links":{"self":[{"href":"https:\/\/pom.pt\/2026\/wp-json\/wp\/v2\/posts\/3476","targetHints":{"allow":["GET"]}}],"collection":[{"href":"https:\/\/pom.pt\/2026\/wp-json\/wp\/v2\/posts"}],"about":[{"href":"https:\/\/pom.pt\/2026\/wp-json\/wp\/v2\/types\/post"}],"author":[{"embeddable":true,"href":"https:\/\/pom.pt\/2026\/wp-json\/wp\/v2\/users\/17"}],"replies":[{"embeddable":true,"href":"https:\/\/pom.pt\/2026\/wp-json\/wp\/v2\/comments?post=3476"}],"version-history":[{"count":3,"href":"https:\/\/pom.pt\/2026\/wp-json\/wp\/v2\/posts\/3476\/revisions"}],"predecessor-version":[{"id":3479,"href":"https:\/\/pom.pt\/2026\/wp-json\/wp\/v2\/posts\/3476\/revisions\/3479"}],"wp:attachment":[{"href":"https:\/\/pom.pt\/2026\/wp-json\/wp\/v2\/media?parent=3476"}],"wp:term":[{"taxonomy":"category","embeddable":true,"href":"https:\/\/pom.pt\/2026\/wp-json\/wp\/v2\/categories?post=3476"},{"taxonomy":"post_tag","embeddable":true,"href":"https:\/\/pom.pt\/2026\/wp-json\/wp\/v2\/tags?post=3476"}],"curies":[{"name":"wp","href":"https:\/\/api.w.org\/{rel}","templated":true}]}}