{"id":2610,"date":"2026-01-01T14:00:12","date_gmt":"2026-01-01T13:00:12","guid":{"rendered":"https:\/\/pom.pt\/2026\/?p=2610"},"modified":"2026-01-01T14:31:36","modified_gmt":"2026-01-01T13:31:36","slug":"precos-reduzidos-ate-7-de-janeiro","status":"publish","type":"post","link":"https:\/\/pom.pt\/2026\/2026\/01\/01\/precos-reduzidos-ate-7-de-janeiro\/","title":{"rendered":"Pre\u00e7os reduzidos at\u00e9 7 de janeiro"},"content":{"rendered":"\n<p>[PT] <strong>Prazo extendido para pre\u00e7os reduzidos at\u00e9 7 de janeiro<\/strong><\/p>\n\n\n\n<p><strong>[ES] Plazo ampliado para precios reducidos hasta el 7 de enero<\/strong><\/p>\n\n\n<div class=\"wp-block-image\">\n<figure class=\"aligncenter size-full is-resized\"><img loading=\"lazy\" decoding=\"async\" width=\"672\" height=\"466\" src=\"http:\/\/pom.pt\/2026\/wp-content\/uploads\/sites\/17\/2026\/01\/DECONTO_PT_7.png\" alt=\"\" class=\"wp-image-2609\" style=\"width:300px\" srcset=\"https:\/\/pom.pt\/2026\/wp-content\/uploads\/sites\/17\/2026\/01\/DECONTO_PT_7.png 672w, https:\/\/pom.pt\/2026\/wp-content\/uploads\/sites\/17\/2026\/01\/DECONTO_PT_7-300x208.png 300w\" sizes=\"auto, (max-width: 672px) 100vw, 672px\" \/><\/figure>\n<\/div>\n\n\n<p>[PT] Tendo em conta o elevado interesse demonstrado pelos atletas nos \u00faltimos dias de 2025 em garantir a sua presen\u00e7a no <strong>Portugal \u201cO\u201d Meeting 2026<\/strong>, a Organiza\u00e7\u00e3o decidiu <strong>prorrogar o prazo das inscri\u00e7\u00f5es com pre\u00e7os reduzidos at\u00e9 7 de janeiro<\/strong>.<\/p>\n\n\n\n<p>Informamos os atletas portugueses (<strong>FPO<\/strong>) e espanh\u00f3is (<strong>FEDO<\/strong>) que devem efetuar a sua inscri\u00e7\u00e3o dentro deste prazo e <strong>proceder \u00e0 renova\u00e7\u00e3o da filia\u00e7\u00e3o o mais rapidamente poss\u00edvel<\/strong>, de forma a evitar constrangimentos administrativos e a aplica\u00e7\u00e3o de valores superiores aos atualmente em vigor.<\/p>\n\n\n\n<p>Os pre\u00e7os de inscri\u00e7\u00e3o apresentados no <strong>OriOasis<\/strong> dependem da <strong>data de inscri\u00e7\u00e3o<\/strong> e do <strong>estado atual da filia\u00e7\u00e3o do atleta<\/strong>, sendo automaticamente calculados de acordo com estas condi\u00e7\u00f5es.<\/p>\n\n\n\n<p><strong>Inscreve-te j\u00e1<\/strong> para usufruir dos pre\u00e7os mais competitivos e garantir o teu lugar num dos maiores eventos de orienta\u00e7\u00e3o da Europa, com terrenos de elevada qualidade e uma forte participa\u00e7\u00e3o internacional.<\/p>\n\n\n\n<p>Mais informa\u00e7\u00f5es em <a href=\"https:\/\/pom.pt\/2026\/inscricoes\/\" data-type=\"page\" data-id=\"1646\">Inscri\u00e7\u00f5es<\/a>.<\/p>\n\n\n\n<p><\/p>\n\n\n\n<p><em><strong>[ES]<\/strong> Debido al gran inter\u00e9s demostrado por los atletas en los \u00faltimos d\u00edas del 2025 para inscribirse y asegurar su participaci\u00f3n en el <strong>Portugal \u201cO\u201d Meeting 2026<\/strong>, la Organizaci\u00f3n ha decidido <strong>ampliar el plazo de inscripci\u00f3n con precios reducidos hasta el 7 de enero<\/strong>.<\/em><\/p>\n\n\n\n<p><em>Se informa a los orientadores portugueses (<strong>FPO<\/strong>) y espa\u00f1oles (<strong>FEDO<\/strong>) que deben realizar su inscripci\u00f3n dentro del plazo con descuento y <strong>proceder a la renovaci\u00f3n de su licencia federativa lo antes posible<\/strong>, con el fin de evitar incidencias administrativas y la aplicaci\u00f3n de tasas superiores a las actuales.<\/em><\/p>\n\n\n\n<p><em>Las cuotas de inscripci\u00f3n que aparecen en <strong>OriOasis<\/strong> dependen de la <strong>fecha de inscripci\u00f3n<\/strong> y del <strong>estado actual de la licencia del atleta<\/strong>, y se calculan autom\u00e1ticamente de acuerdo con estas condiciones.<\/em><\/p>\n\n\n\n<p><em><strong>Inscr\u00edbete ahora<\/strong> para gozar de los precios m\u00e1s competitivos y asegurar tu plaza en uno de los eventos m\u00e1s grandes de orientaci\u00f3n en Europa, con terrenos de gran calidad y una destacada participaci\u00f3n internacional.<\/em><\/p>\n\n\n\n<p><\/p>\n\n\n\n<p><em>M\u00e1s informaciones<\/em> <em>en  <a href=\"https:\/\/pom.pt\/2026\/inscricoes\/\" data-type=\"page\" data-id=\"1646\">Inscri\u00e7\u00f5es<\/a>.<\/em><\/p>\n\n\n\n<p><\/p>\n","protected":false},"excerpt":{"rendered":"<p>[PT] Prazo extendido para pre\u00e7os reduzidos at\u00e9 7 de janeiro [ES] Plazo ampliado para precios reducidos hasta el 7 de enero [PT] Tendo em conta o elevado interesse demonstrado pelos atletas nos \u00faltimos dias de 2025 em garantir a sua presen\u00e7a no Portugal \u201cO\u201d Meeting 2026, a Organiza\u00e7\u00e3o decidiu prorrogar o prazo das inscri\u00e7\u00f5es com pre\u00e7os reduzidos at\u00e9 7 de janeiro. Informamos os atletas portugueses (FPO) e espanh\u00f3is (FEDO) que devem efetuar a sua inscri\u00e7\u00e3o dentro deste prazo e proceder \u00e0 renova\u00e7\u00e3o da filia\u00e7\u00e3o o mais rapidamente poss\u00edvel, de forma a evitar constrangimentos administrativos e a aplica\u00e7\u00e3o de valores superiores aos atualmente em vigor. Os pre\u00e7os de inscri\u00e7\u00e3o apresentados no [&hellip;]<\/p>\n","protected":false},"author":17,"featured_media":0,"comment_status":"closed","ping_status":"closed","sticky":false,"template":"","format":"standard","meta":{"_monsterinsights_skip_tracking":false,"_monsterinsights_sitenote_active":false,"_monsterinsights_sitenote_note":"","_monsterinsights_sitenote_category":0,"footnotes":""},"categories":[26],"tags":[],"class_list":["post-2610","post","type-post","status-publish","format-standard","hentry","category-noticias"],"_links":{"self":[{"href":"https:\/\/pom.pt\/2026\/wp-json\/wp\/v2\/posts\/2610","targetHints":{"allow":["GET"]}}],"collection":[{"href":"https:\/\/pom.pt\/2026\/wp-json\/wp\/v2\/posts"}],"about":[{"href":"https:\/\/pom.pt\/2026\/wp-json\/wp\/v2\/types\/post"}],"author":[{"embeddable":true,"href":"https:\/\/pom.pt\/2026\/wp-json\/wp\/v2\/users\/17"}],"replies":[{"embeddable":true,"href":"https:\/\/pom.pt\/2026\/wp-json\/wp\/v2\/comments?post=2610"}],"version-history":[{"count":4,"href":"https:\/\/pom.pt\/2026\/wp-json\/wp\/v2\/posts\/2610\/revisions"}],"predecessor-version":[{"id":2626,"href":"https:\/\/pom.pt\/2026\/wp-json\/wp\/v2\/posts\/2610\/revisions\/2626"}],"wp:attachment":[{"href":"https:\/\/pom.pt\/2026\/wp-json\/wp\/v2\/media?parent=2610"}],"wp:term":[{"taxonomy":"category","embeddable":true,"href":"https:\/\/pom.pt\/2026\/wp-json\/wp\/v2\/categories?post=2610"},{"taxonomy":"post_tag","embeddable":true,"href":"https:\/\/pom.pt\/2026\/wp-json\/wp\/v2\/tags?post=2610"}],"curies":[{"name":"wp","href":"https:\/\/api.w.org\/{rel}","templated":true}]}}