{"id":385,"date":"2020-08-03T09:27:57","date_gmt":"2020-08-03T09:27:57","guid":{"rendered":"http:\/\/pom.pt\/2021\/?p=385"},"modified":"2020-08-07T18:06:05","modified_gmt":"2020-08-07T18:06:05","slug":"pom-2021-moved-to-loule","status":"publish","type":"post","link":"https:\/\/pom.pt\/2021\/pt\/2020\/08\/03\/pom-2021-moved-to-loule\/","title":{"rendered":"POM 2021 transferido para Loul\u00e9"},"content":{"rendered":"<p>\u00c9 com enorme tristeza que o CPOC comunica que o Portugal &#8220;O&#8221; Meeting n\u00e3o ir\u00e1 realizar-se em Lisboa.<br \/>\nA eclos\u00e3o da pandemia que decorre nos dias de hoje, que presentemente afeta com mais relev\u00e2ncia a \u00c1rea Metropolitana de Lisboa, n\u00e3o nos torna poss\u00edvel organizar o POM nos moldes que t\u00ednhamos planeado e torna invi\u00e1vel a manuten\u00e7\u00e3o de um evento com o formato habitual de 4 dias nos locais que consideramos satisfazer as necessidades deste grande evento da Orienta\u00e7\u00e3o Nacional e Internacional.<br \/>\nA Federa\u00e7\u00e3o Portuguesa de Orienta\u00e7\u00e3o assegurar\u00e1 a organiza\u00e7\u00e3o do evento que decorrer\u00e1 em Loul\u00e9.<br \/>\nLamentamos a inviabilidade em Lisboa, Oeiras e Cascais mas estamos certos que ser\u00e1 um grande evento.<br \/>\nObrigado a todos.<\/p>","protected":false},"excerpt":{"rendered":"<p>\u00c9 com enorme tristeza que o CPOC comunica que o Portugal &#8220;O&#8221; Meeting n\u00e3o ir\u00e1 realizar-se em Lisboa. A eclos\u00e3o da pandemia que decorre nos dias de hoje, que presentemente afeta com mais relev\u00e2ncia a \u00c1rea Metropolitana de Lisboa, n\u00e3o nos torna poss\u00edvel organizar o POM nos moldes que t\u00ednhamos planeado e torna invi\u00e1vel a manuten\u00e7\u00e3o de um evento com o formato habitual de 4 dias nos locais que consideramos satisfazer as necessidades deste grande evento da Orienta\u00e7\u00e3o Nacional e Internacional. A Federa\u00e7\u00e3o Portuguesa de Orienta\u00e7\u00e3o assegurar\u00e1 a organiza\u00e7\u00e3o do evento que decorrer\u00e1 em Loul\u00e9. Lamentamos a inviabilidade em Lisboa, Oeiras e Cascais mas estamos certos que ser\u00e1 um grande [&hellip;]<\/p>\n","protected":false},"author":12,"featured_media":0,"comment_status":"closed","ping_status":"closed","sticky":false,"template":"","format":"standard","meta":{"_monsterinsights_skip_tracking":false,"_monsterinsights_sitenote_active":false,"_monsterinsights_sitenote_note":"","_monsterinsights_sitenote_category":0,"footnotes":""},"categories":[1],"tags":[],"class_list":["post-385","post","type-post","status-publish","format-standard","hentry","category-uncategorized"],"_links":{"self":[{"href":"https:\/\/pom.pt\/2021\/pt\/wp-json\/wp\/v2\/posts\/385","targetHints":{"allow":["GET"]}}],"collection":[{"href":"https:\/\/pom.pt\/2021\/pt\/wp-json\/wp\/v2\/posts"}],"about":[{"href":"https:\/\/pom.pt\/2021\/pt\/wp-json\/wp\/v2\/types\/post"}],"author":[{"embeddable":true,"href":"https:\/\/pom.pt\/2021\/pt\/wp-json\/wp\/v2\/users\/12"}],"replies":[{"embeddable":true,"href":"https:\/\/pom.pt\/2021\/pt\/wp-json\/wp\/v2\/comments?post=385"}],"version-history":[{"count":1,"href":"https:\/\/pom.pt\/2021\/pt\/wp-json\/wp\/v2\/posts\/385\/revisions"}],"predecessor-version":[{"id":386,"href":"https:\/\/pom.pt\/2021\/pt\/wp-json\/wp\/v2\/posts\/385\/revisions\/386"}],"wp:attachment":[{"href":"https:\/\/pom.pt\/2021\/pt\/wp-json\/wp\/v2\/media?parent=385"}],"wp:term":[{"taxonomy":"category","embeddable":true,"href":"https:\/\/pom.pt\/2021\/pt\/wp-json\/wp\/v2\/categories?post=385"},{"taxonomy":"post_tag","embeddable":true,"href":"https:\/\/pom.pt\/2021\/pt\/wp-json\/wp\/v2\/tags?post=385"}],"curies":[{"name":"wp","href":"https:\/\/api.w.org\/{rel}","templated":true}]}}