{"id":354,"date":"2017-10-23T15:08:33","date_gmt":"2017-10-23T15:08:33","guid":{"rendered":"http:\/\/pom.pt\/2018\/?p=354"},"modified":"2017-10-23T15:12:44","modified_gmt":"2017-10-23T15:12:44","slug":"europcar","status":"publish","type":"post","link":"https:\/\/pom.pt\/2018\/2017\/10\/23\/europcar\/","title":{"rendered":"Europcar"},"content":{"rendered":"<p>A Europcar associa-se ao POM&#8217;18.<\/p>\n<p><a href=\"http:\/\/pom.pt\/2018\/logo-novo_2016\/\"><img loading=\"lazy\" decoding=\"async\" class=\"alignnone wp-image-353\" src=\"http:\/\/pom.pt\/2018\/wp-content\/uploads\/sites\/4\/2017\/10\/LOGO-NOVO_2016.jpg\" alt=\"\" width=\"220\" height=\"116\" \/><\/a><\/p>\n<p class=\"x_MsoNormal\">A\u00a0Europcar atribui para\u00a0<b>Portugal Continental, a oferta de 10%\u00a0<\/b>sobre a Tarifa P\u00fablica v\u00e1lida no momento da reserva, para as viaturas de passageiros e viaturas comerciais, para todos os participantes no\u00a0Portugal \u201cO\u201d Meeting 2018.<\/p>\n<p class=\"x_MsoNormal\">Todos os\u00a0<b>Participantes\u00a0<\/b>que pretendam beneficiar dos servi\u00e7os Europcar com esta oferta tem que apresentar obrigatoriamente o seu cart\u00e3o de cr\u00e9dito para efeitos de cau\u00e7\u00e3o e respectivo pagamento do aluguer.<\/p>\n<p class=\"x_MsoNormal\">O pagamento dos servi\u00e7os de aluguer prestados aos\u00a0<b>Participantes do\u00a0<\/b><b>Portugal \u201cO\u201d Meeting 2018\u00a0<\/b>, ser\u00e1 realizado no momento da entrega do contrato de aluguer (RA \u2013 Rental Agreement) com base na estimativa dos dias de aluguer e coberturas contratadas, procedendo-se no final do aluguer, aquando da entrega da viatura, aos acertos que se justificarem.<\/p>\n<p class=\"x_MsoNormal\">Os\u00a0<b>Participantes do Portugal \u201cO\u201d Meeting 2018,\u00a0<\/b>para poderem usufruir destas vantagens devem fazer a reserva atrav\u00e9s do site Europcar em\u00a0<a href=\"http:\/\/europcar.pt\"><span style=\"color: #0000ff\">europcar.pt<\/span><\/a><span style=\"color: #3366ff\">\u00a0<\/span>ou do Centro de Reservas, mencionando o\u00a0<b>N\u00famero de Contrato Europcar 42549656<\/b>.<\/p>\n<ul type=\"disc\">\n<li class=\"x_MsoNormal\"><a href=\"http:\/\/europcar.pt\"><span style=\"color: #0000ff\">www.europcar.pt<\/span><\/a><\/li>\n<li class=\"x_MsoNormal\">Centro de Reservas \u2013 Tel. 219407790 &#8211;\u00a0<a href=\"mailto:reservas@europcar.com\"><span style=\"color: #0000ff\">reservas@europcar.com<\/span><\/a><\/li>\n<\/ul>\n<p><\/p>","protected":false},"excerpt":{"rendered":"<p>A Europcar associa-se ao POM&#8217;18. A\u00a0Europcar atribui para\u00a0Portugal Continental, a oferta de 10%\u00a0sobre a Tarifa P\u00fablica v\u00e1lida no momento da reserva, para as viaturas de passageiros e viaturas comerciais, para todos os participantes no\u00a0Portugal \u201cO\u201d Meeting 2018. Todos os\u00a0Participantes\u00a0que pretendam beneficiar dos servi\u00e7os Europcar com esta oferta tem que apresentar obrigatoriamente o seu cart\u00e3o de cr\u00e9dito para efeitos de cau\u00e7\u00e3o e respectivo pagamento do aluguer. O pagamento dos servi\u00e7os de aluguer prestados aos\u00a0Participantes do\u00a0Portugal \u201cO\u201d Meeting 2018\u00a0, ser\u00e1 realizado no momento da entrega do contrato de aluguer (RA \u2013 Rental Agreement) com base na estimativa dos dias de aluguer e coberturas contratadas, procedendo-se no final do aluguer, aquando da entrega &hellip; <a href=\"https:\/\/pom.pt\/2018\/2017\/10\/23\/europcar\/\" class=\"more-link\">Continuar a ler <span class=\"screen-reader-text\">Europcar<\/span><\/a><\/p>\n","protected":false},"author":8,"featured_media":0,"comment_status":"open","ping_status":"open","sticky":false,"template":"","format":"standard","meta":{"_monsterinsights_skip_tracking":false,"_monsterinsights_sitenote_active":false,"_monsterinsights_sitenote_note":"","_monsterinsights_sitenote_category":0,"footnotes":""},"categories":[1],"tags":[],"class_list":["post-354","post","type-post","status-publish","format-standard","hentry","category-uncategorized"],"_links":{"self":[{"href":"https:\/\/pom.pt\/2018\/wp-json\/wp\/v2\/posts\/354","targetHints":{"allow":["GET"]}}],"collection":[{"href":"https:\/\/pom.pt\/2018\/wp-json\/wp\/v2\/posts"}],"about":[{"href":"https:\/\/pom.pt\/2018\/wp-json\/wp\/v2\/types\/post"}],"author":[{"embeddable":true,"href":"https:\/\/pom.pt\/2018\/wp-json\/wp\/v2\/users\/8"}],"replies":[{"embeddable":true,"href":"https:\/\/pom.pt\/2018\/wp-json\/wp\/v2\/comments?post=354"}],"version-history":[{"count":4,"href":"https:\/\/pom.pt\/2018\/wp-json\/wp\/v2\/posts\/354\/revisions"}],"predecessor-version":[{"id":358,"href":"https:\/\/pom.pt\/2018\/wp-json\/wp\/v2\/posts\/354\/revisions\/358"}],"wp:attachment":[{"href":"https:\/\/pom.pt\/2018\/wp-json\/wp\/v2\/media?parent=354"}],"wp:term":[{"taxonomy":"category","embeddable":true,"href":"https:\/\/pom.pt\/2018\/wp-json\/wp\/v2\/categories?post=354"},{"taxonomy":"post_tag","embeddable":true,"href":"https:\/\/pom.pt\/2018\/wp-json\/wp\/v2\/tags?post=354"}],"curies":[{"name":"wp","href":"https:\/\/api.w.org\/{rel}","templated":true}]}}